{"id":100883,"date":"2019-01-30T22:26:14","date_gmt":"2019-01-30T20:26:14","guid":{"rendered":"http:\/\/vbstk.com\/?p=100883"},"modified":"2019-01-30T22:26:14","modified_gmt":"2019-01-30T20:26:14","slug":"theo-tag-26th-of-april","status":"publish","type":"post","link":"https:\/\/www.vbstk.com\/?p=100883","title":{"rendered":"Theo Tag (26th of April)"},"content":{"rendered":"<p style=\"font-weight:400;\">Join us in celebrating 20 years of bilingual schooling at Theodor Kramer on 26 April, 2019, from 3.30 to 8 pm, in the school premises (hall and inner courtyard).<\/p>\n<p style=\"font-weight:400;\">Our current students will present the projects they have been working on this year, there will be musical performances, both on and off the stage, by\u00a0 students and teachers, a book sale, an international buffet (which you may well remember) and a commemorative paper with articles written by our current students, teachers, parents, but of course we are also hoping for some texts written by former students and their families. If you would like to submit a text for the paper please do so by sending it to\u00a0<a href=\"mailto:anita.kohlheimer@chello.at\">anita.kohlheimer@chello.at<\/a>\u00a0\u00a0by 22 Feb.<\/p>\n<p style=\"font-weight:400;\">We are looking forward to seeing you at Theo-Tag.<\/p>\n<p>&nbsp;<\/p>\n<p>&nbsp;<\/p>\n<p style=\"font-weight:400;\">Feiern Sie mit uns 20 Jahre Vienna Bilingual Schooling an der Theo! Wir feiern gemeinsam am 26. April (dem traditionellen Theo-Tag, der dieses Jahr als Theo-Tag plus begangen wird) von 15.30 bis 20 Uhr, in der Theodor Kramer Schule, in der Aula und im Innenhof des Geb\u00e4udes. Unsere Sch\u00fclerinnen und Sch\u00fcler werden ihre Projekte, an denen sie in diesem Schuljahr gearbeitet haben, pr\u00e4sentieren, es wird eine B\u00fchne f\u00fcr Musikbeitr\u00e4ge geben, von Sch\u00fcler\/innen und Lehrer\/innen, einen B\u00fcchertisch, ein internationales Buffet und eine Zeitung mit Beitr\u00e4gen von unseren Sch\u00fclerinnen und Sch\u00fclern, Lehrerinnen und Lehrern, Eltern, etc. Nat\u00fcrlich hoffen wir auch auf Beitr\u00e4ge von Absolventinnen und Absolventen und ihren Eltern, ehemaligen Lehrerinnen und Lehrern, etc. Wenn Sie einen Artikel f\u00fcr die Zeitung schreiben wollen, schicken Sie Ihren Beitrag bitte bis 22. Februar an\u00a0<a href=\"mailto:anita.kohlheimer@chello.at\">anita.kohlheimer@chello.at<\/a><\/p>\n<p><span style=\"font-weight:400;\">Wir freuen uns, viele von Ihnen am Theo-Tag begr\u00fc\u00dfen zu d\u00fcrfen und gemeinsam zu feiern.<\/span><\/p>\n","protected":false},"excerpt":{"rendered":"<p>Join us in celebrating 20 years of bilingual schooling at Theodor Kramer on 26 April, 2019, from 3.30 to 8 pm, in the school premises (hall and inner courtyard). Our current students will present the projects they have been working on this year, there will be musical performances, both on and off the stage, by\u00a0 &hellip; <a href=\"https:\/\/www.vbstk.com\/?p=100883\">Continue reading <span class=\"meta-nav\">&rarr;<\/span><\/a><\/p>\n","protected":false},"author":6,"featured_media":0,"comment_status":"closed","ping_status":"open","sticky":false,"template":"","format":"standard","meta":[],"categories":[1],"tags":[],"_links":{"self":[{"href":"https:\/\/www.vbstk.com\/index.php?rest_route=\/wp\/v2\/posts\/100883"}],"collection":[{"href":"https:\/\/www.vbstk.com\/index.php?rest_route=\/wp\/v2\/posts"}],"about":[{"href":"https:\/\/www.vbstk.com\/index.php?rest_route=\/wp\/v2\/types\/post"}],"author":[{"embeddable":true,"href":"https:\/\/www.vbstk.com\/index.php?rest_route=\/wp\/v2\/users\/6"}],"replies":[{"embeddable":true,"href":"https:\/\/www.vbstk.com\/index.php?rest_route=%2Fwp%2Fv2%2Fcomments&post=100883"}],"version-history":[{"count":0,"href":"https:\/\/www.vbstk.com\/index.php?rest_route=\/wp\/v2\/posts\/100883\/revisions"}],"wp:attachment":[{"href":"https:\/\/www.vbstk.com\/index.php?rest_route=%2Fwp%2Fv2%2Fmedia&parent=100883"}],"wp:term":[{"taxonomy":"category","embeddable":true,"href":"https:\/\/www.vbstk.com\/index.php?rest_route=%2Fwp%2Fv2%2Fcategories&post=100883"},{"taxonomy":"post_tag","embeddable":true,"href":"https:\/\/www.vbstk.com\/index.php?rest_route=%2Fwp%2Fv2%2Ftags&post=100883"}],"curies":[{"name":"wp","href":"https:\/\/api.w.org\/{rel}","templated":true}]}}